{"id":2643,"date":"2023-03-27T13:30:00","date_gmt":"2023-03-27T11:30:00","guid":{"rendered":"https:\/\/gremibcn.com\/revista\/?p=2643"},"modified":"2023-04-26T19:02:34","modified_gmt":"2023-04-26T17:02:34","slug":"jovenes-que-finalizan-los-estudios-de-formacion-profesional-contrato-de-trabajo-para-la-obtencion-de-la-practica-profesional-adecuada-al-nivel-de-estudios","status":"publish","type":"post","link":"https:\/\/gremibcn.com\/revista\/revista-101-articulo\/jovenes-que-finalizan-los-estudios-de-formacion-profesional-contrato-de-trabajo-para-la-obtencion-de-la-practica-profesional-adecuada-al-nivel-de-estudios\/","title":{"rendered":"J\u00f3venes que finalizan los estudios de Formaci\u00f3n Profesional, contrato de trabajo para la obtenci\u00f3n de la pr\u00e1ctica profesional adecuada al nivel de estudios"},"content":{"rendered":"<h2 style=\"text-align: center;\">J\u00f3venes que finalizan los <strong>estudios de Formaci\u00f3n Profesional<\/strong>.<\/h2>\n<h3 style=\"text-align: center;\">Contrato de trabajo para la obtenci\u00f3n de la <strong>pr\u00e1ctica profesional<\/strong> adecuada al nivel de estudios.<\/h3>\n\n\n<p><\/p>\n\n\n\n<p>Tanto los talleres que se plantean la renovaci\u00f3n generacional de su plantilla, por jubilaci\u00f3n de personal, como aquellos que se les produce una vacante y no encuentran personal cualificado, desempleado y disponible para ser contratado, puede interesarles conocer las particularidades del <strong>contrato de trabajo para la obtenci\u00f3n de la pr\u00e1ctica profesional<\/strong> adecuada al nivel de estudios que, tras el Real Decreto-ley 32\/2021, de 28 de diciembre, de medidas urgentes para la reforma laboral, la garant\u00eda de la estabilidad en el empleo y la transformaci\u00f3n del mercado de trabajo, ha sustituido al contrato en pr\u00e1cticas.<\/p>\n\n\n\n<h4 style=\"text-transform: uppercase; text-align: center;margin-top: 2em !important;\">Necesitas <strong><a href=\"https:\/\/gremibcn.com\/revista\/log-in\/\">iniciar sesi\u00f3n<\/a><\/strong> para poder seguir viendo este contenido<\/h4>\n","protected":false},"excerpt":{"rendered":"<p>J\u00f3venes que finalizan los estudios de Formaci\u00f3n Profesional. Contrato de trabajo para la obtenci\u00f3n de la pr\u00e1ctica profesional adecuada al nivel de estudios. Tanto los talleres que se plantean la renovaci\u00f3n generacional de su plantilla, por jubilaci\u00f3n de personal, como aquellos que se les produce una vacante y no encuentran personal cualificado, desempleado y disponible [&hellip;]<\/p>\n","protected":false},"author":4753,"featured_media":2644,"comment_status":"open","ping_status":"open","sticky":false,"template":"","format":"standard","meta":{"_et_pb_use_builder":"","_et_pb_old_content":"","_et_gb_content_width":"","footnotes":""},"categories":[33],"tags":[],"class_list":["post-2643","post","type-post","status-publish","format-standard","has-post-thumbnail","hentry","category-revista-101-articulo"],"yoast_head":"<!-- This site is optimized with the Yoast SEO plugin v27.4 - https:\/\/yoast.com\/product\/yoast-seo-wordpress\/ -->\n<title>Pr\u00e1ctica profesional adecuada al nivel de estudios<\/title>\n<meta name=\"description\" content=\"J\u00f3venes que finalizan los estudios de FP, contrato de trabajo para la obtenci\u00f3n de la pr\u00e1ctica profesional adecuada al nivel de estudios.\" \/>\n<meta name=\"robots\" content=\"index, follow, max-snippet:-1, max-image-preview:large, max-video-preview:-1\" \/>\n<link rel=\"canonical\" href=\"https:\/\/gremibcn.com\/revista\/revista-101-articulo\/jovenes-que-finalizan-los-estudios-de-formacion-profesional-contrato-de-trabajo-para-la-obtencion-de-la-practica-profesional-adecuada-al-nivel-de-estudios\/\" \/>\n<meta property=\"og:locale\" content=\"es_ES\" \/>\n<meta property=\"og:type\" content=\"article\" \/>\n<meta property=\"og:title\" content=\"Pr\u00e1ctica profesional adecuada al nivel de estudios\" \/>\n<meta property=\"og:description\" content=\"J\u00f3venes que finalizan los estudios de FP, contrato de trabajo para la obtenci\u00f3n de la pr\u00e1ctica profesional adecuada al nivel de estudios.\" \/>\n<meta property=\"og:url\" content=\"https:\/\/gremibcn.com\/revista\/revista-101-articulo\/jovenes-que-finalizan-los-estudios-de-formacion-profesional-contrato-de-trabajo-para-la-obtencion-de-la-practica-profesional-adecuada-al-nivel-de-estudios\/\" \/>\n<meta property=\"og:site_name\" content=\"Revista Digital Gremi Taller\" \/>\n<meta property=\"article:publisher\" content=\"https:\/\/es-es.facebook.com\/gremitallersbcn\" \/>\n<meta property=\"article:published_time\" content=\"2023-03-27T11:30:00+00:00\" \/>\n<meta property=\"article:modified_time\" content=\"2023-04-26T17:02:34+00:00\" \/>\n<meta property=\"og:image\" content=\"https:\/\/gremibcn.com\/revista\/wp-content\/uploads\/Contrato_Obtencion_Practica_Profesional_1-16x9-min.jpg\" \/>\n\t<meta property=\"og:image:width\" content=\"2000\" \/>\n\t<meta property=\"og:image:height\" content=\"1125\" \/>\n\t<meta property=\"og:image:type\" content=\"image\/jpeg\" \/>\n<meta name=\"author\" content=\"@fa_revista\" \/>\n<meta name=\"twitter:card\" content=\"summary_large_image\" \/>\n<meta name=\"twitter:creator\" content=\"@gremibcn\" \/>\n<meta name=\"twitter:site\" content=\"@gremibcn\" \/>\n<meta name=\"twitter:label1\" content=\"Escrito por\" \/>\n\t<meta name=\"twitter:data1\" content=\"@fa_revista\" \/>\n\t<meta name=\"twitter:label2\" content=\"Tiempo de lectura\" \/>\n\t<meta name=\"twitter:data2\" content=\"4 minutos\" \/>\n<script type=\"application\/ld+json\" class=\"yoast-schema-graph\">{\"@context\":\"https:\\\/\\\/schema.org\",\"@graph\":[{\"@type\":\"Article\",\"@id\":\"https:\\\/\\\/gremibcn.com\\\/revista\\\/revista-101-articulo\\\/jovenes-que-finalizan-los-estudios-de-formacion-profesional-contrato-de-trabajo-para-la-obtencion-de-la-practica-profesional-adecuada-al-nivel-de-estudios\\\/#article\",\"isPartOf\":{\"@id\":\"https:\\\/\\\/gremibcn.com\\\/revista\\\/revista-101-articulo\\\/jovenes-que-finalizan-los-estudios-de-formacion-profesional-contrato-de-trabajo-para-la-obtencion-de-la-practica-profesional-adecuada-al-nivel-de-estudios\\\/\"},\"author\":{\"name\":\"@fa_revista\",\"@id\":\"https:\\\/\\\/gremibcn.com\\\/revista\\\/#\\\/schema\\\/person\\\/ff6570c48f0c1a94f48e0675e6b2fa34\"},\"headline\":\"J\u00f3venes que finalizan los estudios de Formaci\u00f3n Profesional, contrato de trabajo para la obtenci\u00f3n de la pr\u00e1ctica profesional adecuada al nivel de estudios\",\"datePublished\":\"2023-03-27T11:30:00+00:00\",\"dateModified\":\"2023-04-26T17:02:34+00:00\",\"mainEntityOfPage\":{\"@id\":\"https:\\\/\\\/gremibcn.com\\\/revista\\\/revista-101-articulo\\\/jovenes-que-finalizan-los-estudios-de-formacion-profesional-contrato-de-trabajo-para-la-obtencion-de-la-practica-profesional-adecuada-al-nivel-de-estudios\\\/\"},\"wordCount\":874,\"commentCount\":0,\"publisher\":{\"@id\":\"https:\\\/\\\/gremibcn.com\\\/revista\\\/#organization\"},\"image\":{\"@id\":\"https:\\\/\\\/gremibcn.com\\\/revista\\\/revista-101-articulo\\\/jovenes-que-finalizan-los-estudios-de-formacion-profesional-contrato-de-trabajo-para-la-obtencion-de-la-practica-profesional-adecuada-al-nivel-de-estudios\\\/#primaryimage\"},\"thumbnailUrl\":\"https:\\\/\\\/gremibcn.com\\\/revista\\\/wp-content\\\/uploads\\\/Contrato_Obtencion_Practica_Profesional_1-16x9-min.jpg\",\"articleSection\":[\"Revista 101 - Art\u00edculo\"],\"inLanguage\":\"es\",\"potentialAction\":[{\"@type\":\"CommentAction\",\"name\":\"Comment\",\"target\":[\"https:\\\/\\\/gremibcn.com\\\/revista\\\/revista-101-articulo\\\/jovenes-que-finalizan-los-estudios-de-formacion-profesional-contrato-de-trabajo-para-la-obtencion-de-la-practica-profesional-adecuada-al-nivel-de-estudios\\\/#respond\"]}]},{\"@type\":\"WebPage\",\"@id\":\"https:\\\/\\\/gremibcn.com\\\/revista\\\/revista-101-articulo\\\/jovenes-que-finalizan-los-estudios-de-formacion-profesional-contrato-de-trabajo-para-la-obtencion-de-la-practica-profesional-adecuada-al-nivel-de-estudios\\\/\",\"url\":\"https:\\\/\\\/gremibcn.com\\\/revista\\\/revista-101-articulo\\\/jovenes-que-finalizan-los-estudios-de-formacion-profesional-contrato-de-trabajo-para-la-obtencion-de-la-practica-profesional-adecuada-al-nivel-de-estudios\\\/\",\"name\":\"Pr\u00e1ctica profesional adecuada al nivel de estudios\",\"isPartOf\":{\"@id\":\"https:\\\/\\\/gremibcn.com\\\/revista\\\/#website\"},\"primaryImageOfPage\":{\"@id\":\"https:\\\/\\\/gremibcn.com\\\/revista\\\/revista-101-articulo\\\/jovenes-que-finalizan-los-estudios-de-formacion-profesional-contrato-de-trabajo-para-la-obtencion-de-la-practica-profesional-adecuada-al-nivel-de-estudios\\\/#primaryimage\"},\"image\":{\"@id\":\"https:\\\/\\\/gremibcn.com\\\/revista\\\/revista-101-articulo\\\/jovenes-que-finalizan-los-estudios-de-formacion-profesional-contrato-de-trabajo-para-la-obtencion-de-la-practica-profesional-adecuada-al-nivel-de-estudios\\\/#primaryimage\"},\"thumbnailUrl\":\"https:\\\/\\\/gremibcn.com\\\/revista\\\/wp-content\\\/uploads\\\/Contrato_Obtencion_Practica_Profesional_1-16x9-min.jpg\",\"datePublished\":\"2023-03-27T11:30:00+00:00\",\"dateModified\":\"2023-04-26T17:02:34+00:00\",\"description\":\"J\u00f3venes que finalizan los estudios de FP, contrato de trabajo para la obtenci\u00f3n de la pr\u00e1ctica profesional adecuada al nivel de estudios.\",\"breadcrumb\":{\"@id\":\"https:\\\/\\\/gremibcn.com\\\/revista\\\/revista-101-articulo\\\/jovenes-que-finalizan-los-estudios-de-formacion-profesional-contrato-de-trabajo-para-la-obtencion-de-la-practica-profesional-adecuada-al-nivel-de-estudios\\\/#breadcrumb\"},\"inLanguage\":\"es\",\"potentialAction\":[{\"@type\":\"ReadAction\",\"target\":[\"https:\\\/\\\/gremibcn.com\\\/revista\\\/revista-101-articulo\\\/jovenes-que-finalizan-los-estudios-de-formacion-profesional-contrato-de-trabajo-para-la-obtencion-de-la-practica-profesional-adecuada-al-nivel-de-estudios\\\/\"]}]},{\"@type\":\"ImageObject\",\"inLanguage\":\"es\",\"@id\":\"https:\\\/\\\/gremibcn.com\\\/revista\\\/revista-101-articulo\\\/jovenes-que-finalizan-los-estudios-de-formacion-profesional-contrato-de-trabajo-para-la-obtencion-de-la-practica-profesional-adecuada-al-nivel-de-estudios\\\/#primaryimage\",\"url\":\"https:\\\/\\\/gremibcn.com\\\/revista\\\/wp-content\\\/uploads\\\/Contrato_Obtencion_Practica_Profesional_1-16x9-min.jpg\",\"contentUrl\":\"https:\\\/\\\/gremibcn.com\\\/revista\\\/wp-content\\\/uploads\\\/Contrato_Obtencion_Practica_Profesional_1-16x9-min.jpg\",\"width\":2000,\"height\":1125,\"caption\":\"J\u00f3venes que finalizan los estudios de Formaci\u00f3n Profesional, contrato de trabajo para la obtenci\u00f3n de la pr\u00e1ctica profesional adecuada al nivel de estudios\"},{\"@type\":\"BreadcrumbList\",\"@id\":\"https:\\\/\\\/gremibcn.com\\\/revista\\\/revista-101-articulo\\\/jovenes-que-finalizan-los-estudios-de-formacion-profesional-contrato-de-trabajo-para-la-obtencion-de-la-practica-profesional-adecuada-al-nivel-de-estudios\\\/#breadcrumb\",\"itemListElement\":[{\"@type\":\"ListItem\",\"position\":1,\"name\":\"Portada\",\"item\":\"https:\\\/\\\/gremibcn.com\\\/revista\\\/\"},{\"@type\":\"ListItem\",\"position\":2,\"name\":\"Revista 101 - Art\u00edculo\",\"item\":\"https:\\\/\\\/gremibcn.com\\\/revista\\\/revista\\\/revista-101-articulo\\\/\"},{\"@type\":\"ListItem\",\"position\":3,\"name\":\"J\u00f3venes que finalizan los estudios de Formaci\u00f3n Profesional, contrato de trabajo para la obtenci\u00f3n de la pr\u00e1ctica profesional adecuada al nivel de estudios\"}]},{\"@type\":\"WebSite\",\"@id\":\"https:\\\/\\\/gremibcn.com\\\/revista\\\/#website\",\"url\":\"https:\\\/\\\/gremibcn.com\\\/revista\\\/\",\"name\":\"Revista Digital Gremi Taller\",\"description\":\"Revista Digital de la asociaci\u00f3n Gremi Taller\",\"publisher\":{\"@id\":\"https:\\\/\\\/gremibcn.com\\\/revista\\\/#organization\"},\"alternateName\":\"Gremi Taller Revista Digital\",\"potentialAction\":[{\"@type\":\"SearchAction\",\"target\":{\"@type\":\"EntryPoint\",\"urlTemplate\":\"https:\\\/\\\/gremibcn.com\\\/revista\\\/?s={search_term_string}\"},\"query-input\":{\"@type\":\"PropertyValueSpecification\",\"valueRequired\":true,\"valueName\":\"search_term_string\"}}],\"inLanguage\":\"es\"},{\"@type\":\"Organization\",\"@id\":\"https:\\\/\\\/gremibcn.com\\\/revista\\\/#organization\",\"name\":\"Gremi Taller Revista Digital\",\"alternateName\":\"Gremio de Talleres Barcelona\",\"url\":\"https:\\\/\\\/gremibcn.com\\\/revista\\\/\",\"logo\":{\"@type\":\"ImageObject\",\"inLanguage\":\"es\",\"@id\":\"https:\\\/\\\/gremibcn.com\\\/revista\\\/#\\\/schema\\\/logo\\\/image\\\/\",\"url\":\"https:\\\/\\\/gremibcn.com\\\/revista\\\/wp-content\\\/uploads\\\/cabecera-tablet.png\",\"contentUrl\":\"https:\\\/\\\/gremibcn.com\\\/revista\\\/wp-content\\\/uploads\\\/cabecera-tablet.png\",\"width\":1000,\"height\":200,\"caption\":\"Gremi Taller Revista Digital\"},\"image\":{\"@id\":\"https:\\\/\\\/gremibcn.com\\\/revista\\\/#\\\/schema\\\/logo\\\/image\\\/\"},\"sameAs\":[\"https:\\\/\\\/es-es.facebook.com\\\/gremitallersbcn\",\"https:\\\/\\\/x.com\\\/gremibcn\",\"https:\\\/\\\/goo.gl\\\/iHSMv4\",\"https:\\\/\\\/www.instagram.com\\\/gremitallersbarcelona\\\/\",\"http:\\\/\\\/www.gremibcn.com\\\/Agremiats\\\/PDF\\\/GW_Whatsapp_2018.pdf\"]},{\"@type\":\"Person\",\"@id\":\"https:\\\/\\\/gremibcn.com\\\/revista\\\/#\\\/schema\\\/person\\\/ff6570c48f0c1a94f48e0675e6b2fa34\",\"name\":\"@fa_revista\",\"image\":{\"@type\":\"ImageObject\",\"inLanguage\":\"es\",\"@id\":\"https:\\\/\\\/secure.gravatar.com\\\/avatar\\\/0941e657daaba2b91c48f89fc62a315e37b06a0169ec2340a209f1af717d1eb2?s=96&d=mm&r=g\",\"url\":\"https:\\\/\\\/secure.gravatar.com\\\/avatar\\\/0941e657daaba2b91c48f89fc62a315e37b06a0169ec2340a209f1af717d1eb2?s=96&d=mm&r=g\",\"contentUrl\":\"https:\\\/\\\/secure.gravatar.com\\\/avatar\\\/0941e657daaba2b91c48f89fc62a315e37b06a0169ec2340a209f1af717d1eb2?s=96&d=mm&r=g\",\"caption\":\"@fa_revista\"}}]}<\/script>\n<!-- \/ Yoast SEO plugin. -->","yoast_head_json":{"title":"Pr\u00e1ctica profesional adecuada al nivel de estudios","description":"J\u00f3venes que finalizan los estudios de FP, contrato de trabajo para la obtenci\u00f3n de la pr\u00e1ctica profesional adecuada al nivel de estudios.","robots":{"index":"index","follow":"follow","max-snippet":"max-snippet:-1","max-image-preview":"max-image-preview:large","max-video-preview":"max-video-preview:-1"},"canonical":"https:\/\/gremibcn.com\/revista\/revista-101-articulo\/jovenes-que-finalizan-los-estudios-de-formacion-profesional-contrato-de-trabajo-para-la-obtencion-de-la-practica-profesional-adecuada-al-nivel-de-estudios\/","og_locale":"es_ES","og_type":"article","og_title":"Pr\u00e1ctica profesional adecuada al nivel de estudios","og_description":"J\u00f3venes que finalizan los estudios de FP, contrato de trabajo para la obtenci\u00f3n de la pr\u00e1ctica profesional adecuada al nivel de estudios.","og_url":"https:\/\/gremibcn.com\/revista\/revista-101-articulo\/jovenes-que-finalizan-los-estudios-de-formacion-profesional-contrato-de-trabajo-para-la-obtencion-de-la-practica-profesional-adecuada-al-nivel-de-estudios\/","og_site_name":"Revista Digital Gremi Taller","article_publisher":"https:\/\/es-es.facebook.com\/gremitallersbcn","article_published_time":"2023-03-27T11:30:00+00:00","article_modified_time":"2023-04-26T17:02:34+00:00","og_image":[{"width":2000,"height":1125,"url":"https:\/\/gremibcn.com\/revista\/wp-content\/uploads\/Contrato_Obtencion_Practica_Profesional_1-16x9-min.jpg","type":"image\/jpeg"}],"author":"@fa_revista","twitter_card":"summary_large_image","twitter_creator":"@gremibcn","twitter_site":"@gremibcn","twitter_misc":{"Escrito por":"@fa_revista","Tiempo de lectura":"4 minutos"},"schema":{"@context":"https:\/\/schema.org","@graph":[{"@type":"Article","@id":"https:\/\/gremibcn.com\/revista\/revista-101-articulo\/jovenes-que-finalizan-los-estudios-de-formacion-profesional-contrato-de-trabajo-para-la-obtencion-de-la-practica-profesional-adecuada-al-nivel-de-estudios\/#article","isPartOf":{"@id":"https:\/\/gremibcn.com\/revista\/revista-101-articulo\/jovenes-que-finalizan-los-estudios-de-formacion-profesional-contrato-de-trabajo-para-la-obtencion-de-la-practica-profesional-adecuada-al-nivel-de-estudios\/"},"author":{"name":"@fa_revista","@id":"https:\/\/gremibcn.com\/revista\/#\/schema\/person\/ff6570c48f0c1a94f48e0675e6b2fa34"},"headline":"J\u00f3venes que finalizan los estudios de Formaci\u00f3n Profesional, contrato de trabajo para la obtenci\u00f3n de la pr\u00e1ctica profesional adecuada al nivel de estudios","datePublished":"2023-03-27T11:30:00+00:00","dateModified":"2023-04-26T17:02:34+00:00","mainEntityOfPage":{"@id":"https:\/\/gremibcn.com\/revista\/revista-101-articulo\/jovenes-que-finalizan-los-estudios-de-formacion-profesional-contrato-de-trabajo-para-la-obtencion-de-la-practica-profesional-adecuada-al-nivel-de-estudios\/"},"wordCount":874,"commentCount":0,"publisher":{"@id":"https:\/\/gremibcn.com\/revista\/#organization"},"image":{"@id":"https:\/\/gremibcn.com\/revista\/revista-101-articulo\/jovenes-que-finalizan-los-estudios-de-formacion-profesional-contrato-de-trabajo-para-la-obtencion-de-la-practica-profesional-adecuada-al-nivel-de-estudios\/#primaryimage"},"thumbnailUrl":"https:\/\/gremibcn.com\/revista\/wp-content\/uploads\/Contrato_Obtencion_Practica_Profesional_1-16x9-min.jpg","articleSection":["Revista 101 - Art\u00edculo"],"inLanguage":"es","potentialAction":[{"@type":"CommentAction","name":"Comment","target":["https:\/\/gremibcn.com\/revista\/revista-101-articulo\/jovenes-que-finalizan-los-estudios-de-formacion-profesional-contrato-de-trabajo-para-la-obtencion-de-la-practica-profesional-adecuada-al-nivel-de-estudios\/#respond"]}]},{"@type":"WebPage","@id":"https:\/\/gremibcn.com\/revista\/revista-101-articulo\/jovenes-que-finalizan-los-estudios-de-formacion-profesional-contrato-de-trabajo-para-la-obtencion-de-la-practica-profesional-adecuada-al-nivel-de-estudios\/","url":"https:\/\/gremibcn.com\/revista\/revista-101-articulo\/jovenes-que-finalizan-los-estudios-de-formacion-profesional-contrato-de-trabajo-para-la-obtencion-de-la-practica-profesional-adecuada-al-nivel-de-estudios\/","name":"Pr\u00e1ctica profesional adecuada al nivel de estudios","isPartOf":{"@id":"https:\/\/gremibcn.com\/revista\/#website"},"primaryImageOfPage":{"@id":"https:\/\/gremibcn.com\/revista\/revista-101-articulo\/jovenes-que-finalizan-los-estudios-de-formacion-profesional-contrato-de-trabajo-para-la-obtencion-de-la-practica-profesional-adecuada-al-nivel-de-estudios\/#primaryimage"},"image":{"@id":"https:\/\/gremibcn.com\/revista\/revista-101-articulo\/jovenes-que-finalizan-los-estudios-de-formacion-profesional-contrato-de-trabajo-para-la-obtencion-de-la-practica-profesional-adecuada-al-nivel-de-estudios\/#primaryimage"},"thumbnailUrl":"https:\/\/gremibcn.com\/revista\/wp-content\/uploads\/Contrato_Obtencion_Practica_Profesional_1-16x9-min.jpg","datePublished":"2023-03-27T11:30:00+00:00","dateModified":"2023-04-26T17:02:34+00:00","description":"J\u00f3venes que finalizan los estudios de FP, contrato de trabajo para la obtenci\u00f3n de la pr\u00e1ctica profesional adecuada al nivel de estudios.","breadcrumb":{"@id":"https:\/\/gremibcn.com\/revista\/revista-101-articulo\/jovenes-que-finalizan-los-estudios-de-formacion-profesional-contrato-de-trabajo-para-la-obtencion-de-la-practica-profesional-adecuada-al-nivel-de-estudios\/#breadcrumb"},"inLanguage":"es","potentialAction":[{"@type":"ReadAction","target":["https:\/\/gremibcn.com\/revista\/revista-101-articulo\/jovenes-que-finalizan-los-estudios-de-formacion-profesional-contrato-de-trabajo-para-la-obtencion-de-la-practica-profesional-adecuada-al-nivel-de-estudios\/"]}]},{"@type":"ImageObject","inLanguage":"es","@id":"https:\/\/gremibcn.com\/revista\/revista-101-articulo\/jovenes-que-finalizan-los-estudios-de-formacion-profesional-contrato-de-trabajo-para-la-obtencion-de-la-practica-profesional-adecuada-al-nivel-de-estudios\/#primaryimage","url":"https:\/\/gremibcn.com\/revista\/wp-content\/uploads\/Contrato_Obtencion_Practica_Profesional_1-16x9-min.jpg","contentUrl":"https:\/\/gremibcn.com\/revista\/wp-content\/uploads\/Contrato_Obtencion_Practica_Profesional_1-16x9-min.jpg","width":2000,"height":1125,"caption":"J\u00f3venes que finalizan los estudios de Formaci\u00f3n Profesional, contrato de trabajo para la obtenci\u00f3n de la pr\u00e1ctica profesional adecuada al nivel de estudios"},{"@type":"BreadcrumbList","@id":"https:\/\/gremibcn.com\/revista\/revista-101-articulo\/jovenes-que-finalizan-los-estudios-de-formacion-profesional-contrato-de-trabajo-para-la-obtencion-de-la-practica-profesional-adecuada-al-nivel-de-estudios\/#breadcrumb","itemListElement":[{"@type":"ListItem","position":1,"name":"Portada","item":"https:\/\/gremibcn.com\/revista\/"},{"@type":"ListItem","position":2,"name":"Revista 101 - Art\u00edculo","item":"https:\/\/gremibcn.com\/revista\/revista\/revista-101-articulo\/"},{"@type":"ListItem","position":3,"name":"J\u00f3venes que finalizan los estudios de Formaci\u00f3n Profesional, contrato de trabajo para la obtenci\u00f3n de la pr\u00e1ctica profesional adecuada al nivel de estudios"}]},{"@type":"WebSite","@id":"https:\/\/gremibcn.com\/revista\/#website","url":"https:\/\/gremibcn.com\/revista\/","name":"Revista Digital Gremi Taller","description":"Revista Digital de la asociaci\u00f3n Gremi Taller","publisher":{"@id":"https:\/\/gremibcn.com\/revista\/#organization"},"alternateName":"Gremi Taller Revista Digital","potentialAction":[{"@type":"SearchAction","target":{"@type":"EntryPoint","urlTemplate":"https:\/\/gremibcn.com\/revista\/?s={search_term_string}"},"query-input":{"@type":"PropertyValueSpecification","valueRequired":true,"valueName":"search_term_string"}}],"inLanguage":"es"},{"@type":"Organization","@id":"https:\/\/gremibcn.com\/revista\/#organization","name":"Gremi Taller Revista Digital","alternateName":"Gremio de Talleres Barcelona","url":"https:\/\/gremibcn.com\/revista\/","logo":{"@type":"ImageObject","inLanguage":"es","@id":"https:\/\/gremibcn.com\/revista\/#\/schema\/logo\/image\/","url":"https:\/\/gremibcn.com\/revista\/wp-content\/uploads\/cabecera-tablet.png","contentUrl":"https:\/\/gremibcn.com\/revista\/wp-content\/uploads\/cabecera-tablet.png","width":1000,"height":200,"caption":"Gremi Taller Revista Digital"},"image":{"@id":"https:\/\/gremibcn.com\/revista\/#\/schema\/logo\/image\/"},"sameAs":["https:\/\/es-es.facebook.com\/gremitallersbcn","https:\/\/x.com\/gremibcn","https:\/\/goo.gl\/iHSMv4","https:\/\/www.instagram.com\/gremitallersbarcelona\/","http:\/\/www.gremibcn.com\/Agremiats\/PDF\/GW_Whatsapp_2018.pdf"]},{"@type":"Person","@id":"https:\/\/gremibcn.com\/revista\/#\/schema\/person\/ff6570c48f0c1a94f48e0675e6b2fa34","name":"@fa_revista","image":{"@type":"ImageObject","inLanguage":"es","@id":"https:\/\/secure.gravatar.com\/avatar\/0941e657daaba2b91c48f89fc62a315e37b06a0169ec2340a209f1af717d1eb2?s=96&d=mm&r=g","url":"https:\/\/secure.gravatar.com\/avatar\/0941e657daaba2b91c48f89fc62a315e37b06a0169ec2340a209f1af717d1eb2?s=96&d=mm&r=g","contentUrl":"https:\/\/secure.gravatar.com\/avatar\/0941e657daaba2b91c48f89fc62a315e37b06a0169ec2340a209f1af717d1eb2?s=96&d=mm&r=g","caption":"@fa_revista"}}]}},"_links":{"self":[{"href":"https:\/\/gremibcn.com\/revista\/wp-json\/wp\/v2\/posts\/2643","targetHints":{"allow":["GET"]}}],"collection":[{"href":"https:\/\/gremibcn.com\/revista\/wp-json\/wp\/v2\/posts"}],"about":[{"href":"https:\/\/gremibcn.com\/revista\/wp-json\/wp\/v2\/types\/post"}],"author":[{"embeddable":true,"href":"https:\/\/gremibcn.com\/revista\/wp-json\/wp\/v2\/users\/4753"}],"replies":[{"embeddable":true,"href":"https:\/\/gremibcn.com\/revista\/wp-json\/wp\/v2\/comments?post=2643"}],"version-history":[{"count":5,"href":"https:\/\/gremibcn.com\/revista\/wp-json\/wp\/v2\/posts\/2643\/revisions"}],"predecessor-version":[{"id":3021,"href":"https:\/\/gremibcn.com\/revista\/wp-json\/wp\/v2\/posts\/2643\/revisions\/3021"}],"wp:featuredmedia":[{"embeddable":true,"href":"https:\/\/gremibcn.com\/revista\/wp-json\/wp\/v2\/media\/2644"}],"wp:attachment":[{"href":"https:\/\/gremibcn.com\/revista\/wp-json\/wp\/v2\/media?parent=2643"}],"wp:term":[{"taxonomy":"category","embeddable":true,"href":"https:\/\/gremibcn.com\/revista\/wp-json\/wp\/v2\/categories?post=2643"},{"taxonomy":"post_tag","embeddable":true,"href":"https:\/\/gremibcn.com\/revista\/wp-json\/wp\/v2\/tags?post=2643"}],"curies":[{"name":"wp","href":"https:\/\/api.w.org\/{rel}","templated":true}]}}