{"id":2696,"date":"2023-03-27T12:40:00","date_gmt":"2023-03-27T10:40:00","guid":{"rendered":"https:\/\/gremibcn.com\/revista\/?p=2696"},"modified":"2024-02-29T10:32:35","modified_gmt":"2024-02-29T09:32:35","slug":"la-comision-europea-ve-indicios-de-infraccion-de-las-normas-de-competencia-del-articulo-101-del-tratado-de-funcionamiento-de-la-ue","status":"publish","type":"post","link":"https:\/\/gremibcn.com\/revista\/revista-101-articulo\/la-comision-europea-ve-indicios-de-infraccion-de-las-normas-de-competencia-del-articulo-101-del-tratado-de-funcionamiento-de-la-ue\/","title":{"rendered":"La Comisi\u00f3n Europea ve indicios de infracci\u00f3n de las normas de competencia del art\u00edculo 101 del Tratado de Funcionamiento de la UE"},"content":{"rendered":"\n<h2 class=\"wp-block-heading\">La Comisi\u00f3n Europea (CE) emite su informe sobre la denuncia de <strong>CETRAA, CONEPA, FAGENAUTO y GANVAM<\/strong> contra el Estado espa\u00f1ol por incumplimiento de las normas comunitarias que permiten las malas pr\u00e1cticas de las aseguradoras en su relaci\u00f3n con los talleres de reparaci\u00f3n<\/h2>\n\n\n\n<h2 class=\"wp-block-heading\">La CE remitir\u00e1 el expediente a la CNMC y velar\u00e1 su tramitaci\u00f3n y resoluci\u00f3n en este organismo<\/h2>\n\n\n\n<h2 class=\"wp-block-heading\">Adem\u00e1s, las asociaciones aportar\u00e1n pruebas de las pr\u00e1cticas anticompetitivas e incorporar\u00e1n a m\u00e1s pa\u00edses a la denuncia para que la tramitaci\u00f3n contin\u00fae en Europa<\/h2>\n\n\n\n<p>La Comisi\u00f3n Europea (CE), en su <strong>informe sobre la denuncia presentada por CETRAA, CONEPA, FAGENAUTO y GANVAM<\/strong>, ve indicios de infracci\u00f3n de las normas de competencia del <a href=\"https:\/\/eur-lex.europa.eu\/legal-content\/ES\/TXT\/HTML\/?uri=CELEX:12008E101&amp;from=FI\" target=\"_blank\" rel=\"noreferrer noopener\">art\u00edculo 101 del Tratado de Funcionamiento<\/a> de la UE que permiten las malas pr\u00e1cticas de las aseguradoras en el Estado espa\u00f1ol, en su relaci\u00f3n con los talleres de reparaci\u00f3n.<\/p>\n\n\n\n<p>La CE remitir\u00e1 el expediente a la Comisi\u00f3n Nacional de los Mercados y la Competencia (CNMC), organismo que deber\u00e1 resolverlo, contando con el seguimiento y la tutela que ejercer\u00e1 la propia Comisi\u00f3n Europea. No obstante, las asociaciones, en esta fase que ahora se inicia, aportar\u00e1n pruebas a la CE de las pr\u00e1cticas anticompetitivas desarrolladas en Espa\u00f1a, para que la tramitaci\u00f3n contin\u00fae en Europa, en paralelo con la de la CNMC.<\/p>\n\n\n\n<figure class=\"wp-block-image alignfull size-large\"><img loading=\"lazy\" decoding=\"async\" width=\"1024\" height=\"576\" src=\"https:\/\/gremibcn.com\/revista\/wp-content\/uploads\/InformeCEdenuncia-101-16x9-2-1024x576.jpg\" alt=\"La Comisi\u00f3n Europea ve indicios de infracci\u00f3n de las normas de competencia del art\u00edculo 101 del Tratado de Funcionamiento de la UE\" class=\"wp-image-2698\"\/><figcaption class=\"wp-element-caption\">European Union flags waving in the wind in front of European Commission. Brussels, Belgium &#8211; 02 Mar 2011<\/figcaption><\/figure>\n\n\n\n<p>Desde las patronales del sector confiamos que esta vez la CNMC, gracias al tutelaje de la Comisi\u00f3n Europea, se pronuncie en favor de los talleres y no de las aseguradoras como lo ha venido haciendo hasta ahora.<\/p>\n\n\n\n<p>Asimismo, el Consejo Europeo de Comercio y Reparaci\u00f3n de Motores (CECRA), ha elaborado una encuesta dirigida a las asociaciones nacionales de talleres de los distintos pa\u00edses para que se adhieran a la denuncia de las organizaciones espa\u00f1olas. Con ello, se pretende dar soporte al car\u00e1cter transnacional de las pr\u00e1cticas abusivas y su impacto en el comercio transfronterizo de la UE, que vulnera el art\u00edculo 102 del TFUE.<\/p>\n\n\n\n<p>En la misma l\u00ednea, CETRAA, CONEPA, FAGENAUTO y GANVAM est\u00e1n recabando el apoyo a su denuncia de las asociaciones de talleres de Francia, Italia y Portugal.<\/p>\n\n\n\n<p>Este informe de la CE tiene su origen en la admisi\u00f3n a tr\u00e1mite de la denuncia de las asociaciones espa\u00f1olas de talleres ante la Comisi\u00f3n de Peticiones del Parlamento Europeo, presidida por Dolors Montserrat, y su posterior traslado a la Comisi\u00f3n de Mercado Interior y Protecci\u00f3n del Consumidor (IMCO).<\/p>\n\n\n\n<p>Como se recordar\u00e1 la denuncia presentada por las asociaciones se fundamenta en el incumplimiento por parte de Espa\u00f1a de cuatro Directivas y varios art\u00edculos del Tratado de Funcionamiento de la UE. Dicho incumplimiento es el origen de las malas pr\u00e1cticas de las aseguradoras que se recuerdan brevemente y se relacionan a continuaci\u00f3n:<\/p>\n\n\n\n<ol class=\"wp-block-list\" style=\"list-style-type:1\">\n<li><b><strong>Fijar los precios hora<\/strong> <\/b>sin respetar el establecido por el taller.<\/li>\n<\/ol>\n\n\n\n<ul class=\"wp-block-list\">\n<li><b>Los baremos <\/b>confeccionados por empresas vinculadas o participadas por las aseguradoras act\u00faan en detrimento del taller, ya que los mismos no se ajustan al coste real de la reparaci\u00f3n tanto en materiales como en horas trabajadas. Asimismo, los baremos difieren entre s\u00ed para el mismo tipo de reparaciones.<\/li>\n<\/ul>\n\n\n\n<ul class=\"wp-block-list\">\n<li><b>Posible <strong>colusi\u00f3n t\u00e1cita entre aseguradoras<\/strong>,<\/b> a tenor de la tendencia a la bajada de sus precios, que no ha ocurrido en otros Estados, alterando el mercado espa\u00f1ol de reparaciones y afectando negativamente al equilibrio entre sus componentes.<\/li>\n<\/ul>\n\n\n\n<ul class=\"wp-block-list\">\n<li>Tambi\u00e9n los <b><strong>convenios CIDE y ASCIDE<\/strong> <\/b>refuerzan la idea de colusi\u00f3n t\u00e1ctica y la fijaci\u00f3n unilateral de precios ya que el importe del m\u00f3dulo opera como precio de referencia con el que se compensan y liquidan los saldos entre aseguradoras es independiente del coste real de los da\u00f1os del veh\u00edculo.<\/li>\n<\/ul>\n\n\n\n<ul class=\"wp-block-list\">\n<li>La <b><strong>dependencia econ\u00f3mica de los peritos<\/strong><\/b> no permite garantizar que act\u00faen con estricta objetividad a la hora de evaluar los da\u00f1os y fijar el precio\/hora de la reparaci\u00f3n.<\/li>\n\n\n\n<li>Algunas aseguradoras <b><strong>imponen a los talleres los proveedores de recambios o el tipo de recambio<\/strong><\/b> a instalar.<\/li>\n\n\n\n<li>Igualmente hay compa\u00f1\u00edas que <b><strong>comercializan p\u00f3lizas que impiden a los clientes elegir libremente el taller<\/strong><\/b> para reparar su veh\u00edculo, vi\u00e9ndose obligados a repararlo en un n\u00famero limitado de empresas sin que otros talleres puedan adherirse a este tipo de acuerdos. restringiendo la libre competencia y la libertad de elecci\u00f3n del consumidor.<\/li>\n\n\n\n<li>Por \u00faltimo, las asociaciones denuncian que algunas entidades, una vez <b>ocurrido el siniestro, apremian al cliente para que lleve su veh\u00edculo a determinados talleres seleccionados.<\/b><\/li>\n<\/ul>\n\n\n\n<p>Finalmente, CETRAA, CONEPA, FAGENAUTO y GANVAM, expresan su satisfacci\u00f3n por este avance y se ponen al servicio de la Comisi\u00f3n Europea para aportar toda la documentaci\u00f3n que \u00e9sta necesite.<\/p>\n","protected":false},"excerpt":{"rendered":"<p>La Comisi\u00f3n Europea (CE) emite su informe sobre la denuncia de CETRAA, CONEPA, FAGENAUTO y GANVAM contra el Estado espa\u00f1ol por incumplimiento de las normas comunitarias que permiten las malas pr\u00e1cticas de las aseguradoras en su relaci\u00f3n con los talleres de reparaci\u00f3n La CE remitir\u00e1 el expediente a la CNMC y velar\u00e1 su tramitaci\u00f3n y [&hellip;]<\/p>\n","protected":false},"author":4753,"featured_media":2697,"comment_status":"open","ping_status":"open","sticky":false,"template":"","format":"standard","meta":{"_et_pb_use_builder":"","_et_pb_old_content":"","_et_gb_content_width":"","footnotes":""},"categories":[33],"tags":[],"class_list":["post-2696","post","type-post","status-publish","format-standard","has-post-thumbnail","hentry","category-revista-101-articulo"],"yoast_head":"<!-- This site is optimized with the Yoast SEO plugin v27.4 - https:\/\/yoast.com\/product\/yoast-seo-wordpress\/ -->\n<title>La CE ve infracci\u00f3n en el art\u00edculo 101 del Trat. de Funcionamiento<\/title>\n<meta name=\"description\" content=\"La Comisi\u00f3n Europea ve indicios de infracci\u00f3n de las normas de competencia del art\u00edculo 101 del Tratado de Funcionamiento de la UE.\" \/>\n<meta name=\"robots\" content=\"index, follow, max-snippet:-1, max-image-preview:large, max-video-preview:-1\" \/>\n<link rel=\"canonical\" href=\"https:\/\/gremibcn.com\/revista\/revista-101-articulo\/la-comision-europea-ve-indicios-de-infraccion-de-las-normas-de-competencia-del-articulo-101-del-tratado-de-funcionamiento-de-la-ue\/\" \/>\n<meta property=\"og:locale\" content=\"es_ES\" \/>\n<meta property=\"og:type\" content=\"article\" \/>\n<meta property=\"og:title\" content=\"La CE ve infracci\u00f3n en el art\u00edculo 101 del Trat. de Funcionamiento\" \/>\n<meta property=\"og:description\" content=\"La Comisi\u00f3n Europea ve indicios de infracci\u00f3n de las normas de competencia del art\u00edculo 101 del Tratado de Funcionamiento de la UE.\" \/>\n<meta property=\"og:url\" content=\"https:\/\/gremibcn.com\/revista\/revista-101-articulo\/la-comision-europea-ve-indicios-de-infraccion-de-las-normas-de-competencia-del-articulo-101-del-tratado-de-funcionamiento-de-la-ue\/\" \/>\n<meta property=\"og:site_name\" content=\"Revista Digital Gremi Taller\" \/>\n<meta property=\"article:publisher\" content=\"https:\/\/es-es.facebook.com\/gremitallersbcn\" \/>\n<meta property=\"article:published_time\" content=\"2023-03-27T10:40:00+00:00\" \/>\n<meta property=\"article:modified_time\" content=\"2024-02-29T09:32:35+00:00\" \/>\n<meta property=\"og:image\" content=\"https:\/\/gremibcn.com\/revista\/wp-content\/uploads\/InformeCEdenuncia-101-16x9-1.jpg\" \/>\n\t<meta property=\"og:image:width\" content=\"2000\" \/>\n\t<meta property=\"og:image:height\" content=\"1125\" \/>\n\t<meta property=\"og:image:type\" content=\"image\/jpeg\" \/>\n<meta name=\"author\" content=\"@fa_revista\" \/>\n<meta name=\"twitter:card\" content=\"summary_large_image\" \/>\n<meta name=\"twitter:creator\" content=\"@gremibcn\" \/>\n<meta name=\"twitter:site\" content=\"@gremibcn\" \/>\n<meta name=\"twitter:label1\" content=\"Escrito por\" \/>\n\t<meta name=\"twitter:data1\" content=\"@fa_revista\" \/>\n\t<meta name=\"twitter:label2\" content=\"Tiempo de lectura\" \/>\n\t<meta name=\"twitter:data2\" content=\"4 minutos\" \/>\n<script type=\"application\/ld+json\" class=\"yoast-schema-graph\">{\"@context\":\"https:\\\/\\\/schema.org\",\"@graph\":[{\"@type\":\"Article\",\"@id\":\"https:\\\/\\\/gremibcn.com\\\/revista\\\/revista-101-articulo\\\/la-comision-europea-ve-indicios-de-infraccion-de-las-normas-de-competencia-del-articulo-101-del-tratado-de-funcionamiento-de-la-ue\\\/#article\",\"isPartOf\":{\"@id\":\"https:\\\/\\\/gremibcn.com\\\/revista\\\/revista-101-articulo\\\/la-comision-europea-ve-indicios-de-infraccion-de-las-normas-de-competencia-del-articulo-101-del-tratado-de-funcionamiento-de-la-ue\\\/\"},\"author\":{\"name\":\"@fa_revista\",\"@id\":\"https:\\\/\\\/gremibcn.com\\\/revista\\\/#\\\/schema\\\/person\\\/ff6570c48f0c1a94f48e0675e6b2fa34\"},\"headline\":\"La Comisi\u00f3n Europea ve indicios de infracci\u00f3n de las normas de competencia del art\u00edculo 101 del Tratado de Funcionamiento de la UE\",\"datePublished\":\"2023-03-27T10:40:00+00:00\",\"dateModified\":\"2024-02-29T09:32:35+00:00\",\"mainEntityOfPage\":{\"@id\":\"https:\\\/\\\/gremibcn.com\\\/revista\\\/revista-101-articulo\\\/la-comision-europea-ve-indicios-de-infraccion-de-las-normas-de-competencia-del-articulo-101-del-tratado-de-funcionamiento-de-la-ue\\\/\"},\"wordCount\":849,\"commentCount\":0,\"publisher\":{\"@id\":\"https:\\\/\\\/gremibcn.com\\\/revista\\\/#organization\"},\"image\":{\"@id\":\"https:\\\/\\\/gremibcn.com\\\/revista\\\/revista-101-articulo\\\/la-comision-europea-ve-indicios-de-infraccion-de-las-normas-de-competencia-del-articulo-101-del-tratado-de-funcionamiento-de-la-ue\\\/#primaryimage\"},\"thumbnailUrl\":\"https:\\\/\\\/gremibcn.com\\\/revista\\\/wp-content\\\/uploads\\\/InformeCEdenuncia-101-16x9-1.jpg\",\"articleSection\":[\"Revista 101 - Art\u00edculo\"],\"inLanguage\":\"es\",\"potentialAction\":[{\"@type\":\"CommentAction\",\"name\":\"Comment\",\"target\":[\"https:\\\/\\\/gremibcn.com\\\/revista\\\/revista-101-articulo\\\/la-comision-europea-ve-indicios-de-infraccion-de-las-normas-de-competencia-del-articulo-101-del-tratado-de-funcionamiento-de-la-ue\\\/#respond\"]}]},{\"@type\":\"WebPage\",\"@id\":\"https:\\\/\\\/gremibcn.com\\\/revista\\\/revista-101-articulo\\\/la-comision-europea-ve-indicios-de-infraccion-de-las-normas-de-competencia-del-articulo-101-del-tratado-de-funcionamiento-de-la-ue\\\/\",\"url\":\"https:\\\/\\\/gremibcn.com\\\/revista\\\/revista-101-articulo\\\/la-comision-europea-ve-indicios-de-infraccion-de-las-normas-de-competencia-del-articulo-101-del-tratado-de-funcionamiento-de-la-ue\\\/\",\"name\":\"La CE ve infracci\u00f3n en el art\u00edculo 101 del Trat. de Funcionamiento\",\"isPartOf\":{\"@id\":\"https:\\\/\\\/gremibcn.com\\\/revista\\\/#website\"},\"primaryImageOfPage\":{\"@id\":\"https:\\\/\\\/gremibcn.com\\\/revista\\\/revista-101-articulo\\\/la-comision-europea-ve-indicios-de-infraccion-de-las-normas-de-competencia-del-articulo-101-del-tratado-de-funcionamiento-de-la-ue\\\/#primaryimage\"},\"image\":{\"@id\":\"https:\\\/\\\/gremibcn.com\\\/revista\\\/revista-101-articulo\\\/la-comision-europea-ve-indicios-de-infraccion-de-las-normas-de-competencia-del-articulo-101-del-tratado-de-funcionamiento-de-la-ue\\\/#primaryimage\"},\"thumbnailUrl\":\"https:\\\/\\\/gremibcn.com\\\/revista\\\/wp-content\\\/uploads\\\/InformeCEdenuncia-101-16x9-1.jpg\",\"datePublished\":\"2023-03-27T10:40:00+00:00\",\"dateModified\":\"2024-02-29T09:32:35+00:00\",\"description\":\"La Comisi\u00f3n Europea ve indicios de infracci\u00f3n de las normas de competencia del art\u00edculo 101 del Tratado de Funcionamiento de la UE.\",\"breadcrumb\":{\"@id\":\"https:\\\/\\\/gremibcn.com\\\/revista\\\/revista-101-articulo\\\/la-comision-europea-ve-indicios-de-infraccion-de-las-normas-de-competencia-del-articulo-101-del-tratado-de-funcionamiento-de-la-ue\\\/#breadcrumb\"},\"inLanguage\":\"es\",\"potentialAction\":[{\"@type\":\"ReadAction\",\"target\":[\"https:\\\/\\\/gremibcn.com\\\/revista\\\/revista-101-articulo\\\/la-comision-europea-ve-indicios-de-infraccion-de-las-normas-de-competencia-del-articulo-101-del-tratado-de-funcionamiento-de-la-ue\\\/\"]}]},{\"@type\":\"ImageObject\",\"inLanguage\":\"es\",\"@id\":\"https:\\\/\\\/gremibcn.com\\\/revista\\\/revista-101-articulo\\\/la-comision-europea-ve-indicios-de-infraccion-de-las-normas-de-competencia-del-articulo-101-del-tratado-de-funcionamiento-de-la-ue\\\/#primaryimage\",\"url\":\"https:\\\/\\\/gremibcn.com\\\/revista\\\/wp-content\\\/uploads\\\/InformeCEdenuncia-101-16x9-1.jpg\",\"contentUrl\":\"https:\\\/\\\/gremibcn.com\\\/revista\\\/wp-content\\\/uploads\\\/InformeCEdenuncia-101-16x9-1.jpg\",\"width\":2000,\"height\":1125,\"caption\":\"European Union flags waving in the wind in front of European Commission. Brussels, Belgium - 02 Mar 2011\"},{\"@type\":\"BreadcrumbList\",\"@id\":\"https:\\\/\\\/gremibcn.com\\\/revista\\\/revista-101-articulo\\\/la-comision-europea-ve-indicios-de-infraccion-de-las-normas-de-competencia-del-articulo-101-del-tratado-de-funcionamiento-de-la-ue\\\/#breadcrumb\",\"itemListElement\":[{\"@type\":\"ListItem\",\"position\":1,\"name\":\"Portada\",\"item\":\"https:\\\/\\\/gremibcn.com\\\/revista\\\/\"},{\"@type\":\"ListItem\",\"position\":2,\"name\":\"Revista 101 - Art\u00edculo\",\"item\":\"https:\\\/\\\/gremibcn.com\\\/revista\\\/revista\\\/revista-101-articulo\\\/\"},{\"@type\":\"ListItem\",\"position\":3,\"name\":\"La Comisi\u00f3n Europea ve indicios de infracci\u00f3n de las normas de competencia del art\u00edculo 101 del Tratado de Funcionamiento de la UE\"}]},{\"@type\":\"WebSite\",\"@id\":\"https:\\\/\\\/gremibcn.com\\\/revista\\\/#website\",\"url\":\"https:\\\/\\\/gremibcn.com\\\/revista\\\/\",\"name\":\"Revista Digital Gremi Taller\",\"description\":\"Revista Digital de la asociaci\u00f3n Gremi Taller\",\"publisher\":{\"@id\":\"https:\\\/\\\/gremibcn.com\\\/revista\\\/#organization\"},\"alternateName\":\"Gremi Taller Revista Digital\",\"potentialAction\":[{\"@type\":\"SearchAction\",\"target\":{\"@type\":\"EntryPoint\",\"urlTemplate\":\"https:\\\/\\\/gremibcn.com\\\/revista\\\/?s={search_term_string}\"},\"query-input\":{\"@type\":\"PropertyValueSpecification\",\"valueRequired\":true,\"valueName\":\"search_term_string\"}}],\"inLanguage\":\"es\"},{\"@type\":\"Organization\",\"@id\":\"https:\\\/\\\/gremibcn.com\\\/revista\\\/#organization\",\"name\":\"Gremi Taller Revista Digital\",\"alternateName\":\"Gremio de Talleres Barcelona\",\"url\":\"https:\\\/\\\/gremibcn.com\\\/revista\\\/\",\"logo\":{\"@type\":\"ImageObject\",\"inLanguage\":\"es\",\"@id\":\"https:\\\/\\\/gremibcn.com\\\/revista\\\/#\\\/schema\\\/logo\\\/image\\\/\",\"url\":\"https:\\\/\\\/gremibcn.com\\\/revista\\\/wp-content\\\/uploads\\\/cabecera-tablet.png\",\"contentUrl\":\"https:\\\/\\\/gremibcn.com\\\/revista\\\/wp-content\\\/uploads\\\/cabecera-tablet.png\",\"width\":1000,\"height\":200,\"caption\":\"Gremi Taller Revista Digital\"},\"image\":{\"@id\":\"https:\\\/\\\/gremibcn.com\\\/revista\\\/#\\\/schema\\\/logo\\\/image\\\/\"},\"sameAs\":[\"https:\\\/\\\/es-es.facebook.com\\\/gremitallersbcn\",\"https:\\\/\\\/x.com\\\/gremibcn\",\"https:\\\/\\\/goo.gl\\\/iHSMv4\",\"https:\\\/\\\/www.instagram.com\\\/gremitallersbarcelona\\\/\",\"http:\\\/\\\/www.gremibcn.com\\\/Agremiats\\\/PDF\\\/GW_Whatsapp_2018.pdf\"]},{\"@type\":\"Person\",\"@id\":\"https:\\\/\\\/gremibcn.com\\\/revista\\\/#\\\/schema\\\/person\\\/ff6570c48f0c1a94f48e0675e6b2fa34\",\"name\":\"@fa_revista\",\"image\":{\"@type\":\"ImageObject\",\"inLanguage\":\"es\",\"@id\":\"https:\\\/\\\/secure.gravatar.com\\\/avatar\\\/0941e657daaba2b91c48f89fc62a315e37b06a0169ec2340a209f1af717d1eb2?s=96&d=mm&r=g\",\"url\":\"https:\\\/\\\/secure.gravatar.com\\\/avatar\\\/0941e657daaba2b91c48f89fc62a315e37b06a0169ec2340a209f1af717d1eb2?s=96&d=mm&r=g\",\"contentUrl\":\"https:\\\/\\\/secure.gravatar.com\\\/avatar\\\/0941e657daaba2b91c48f89fc62a315e37b06a0169ec2340a209f1af717d1eb2?s=96&d=mm&r=g\",\"caption\":\"@fa_revista\"}}]}<\/script>\n<!-- \/ Yoast SEO plugin. -->","yoast_head_json":{"title":"La CE ve infracci\u00f3n en el art\u00edculo 101 del Trat. de Funcionamiento","description":"La Comisi\u00f3n Europea ve indicios de infracci\u00f3n de las normas de competencia del art\u00edculo 101 del Tratado de Funcionamiento de la UE.","robots":{"index":"index","follow":"follow","max-snippet":"max-snippet:-1","max-image-preview":"max-image-preview:large","max-video-preview":"max-video-preview:-1"},"canonical":"https:\/\/gremibcn.com\/revista\/revista-101-articulo\/la-comision-europea-ve-indicios-de-infraccion-de-las-normas-de-competencia-del-articulo-101-del-tratado-de-funcionamiento-de-la-ue\/","og_locale":"es_ES","og_type":"article","og_title":"La CE ve infracci\u00f3n en el art\u00edculo 101 del Trat. de Funcionamiento","og_description":"La Comisi\u00f3n Europea ve indicios de infracci\u00f3n de las normas de competencia del art\u00edculo 101 del Tratado de Funcionamiento de la UE.","og_url":"https:\/\/gremibcn.com\/revista\/revista-101-articulo\/la-comision-europea-ve-indicios-de-infraccion-de-las-normas-de-competencia-del-articulo-101-del-tratado-de-funcionamiento-de-la-ue\/","og_site_name":"Revista Digital Gremi Taller","article_publisher":"https:\/\/es-es.facebook.com\/gremitallersbcn","article_published_time":"2023-03-27T10:40:00+00:00","article_modified_time":"2024-02-29T09:32:35+00:00","og_image":[{"width":2000,"height":1125,"url":"https:\/\/gremibcn.com\/revista\/wp-content\/uploads\/InformeCEdenuncia-101-16x9-1.jpg","type":"image\/jpeg"}],"author":"@fa_revista","twitter_card":"summary_large_image","twitter_creator":"@gremibcn","twitter_site":"@gremibcn","twitter_misc":{"Escrito por":"@fa_revista","Tiempo de lectura":"4 minutos"},"schema":{"@context":"https:\/\/schema.org","@graph":[{"@type":"Article","@id":"https:\/\/gremibcn.com\/revista\/revista-101-articulo\/la-comision-europea-ve-indicios-de-infraccion-de-las-normas-de-competencia-del-articulo-101-del-tratado-de-funcionamiento-de-la-ue\/#article","isPartOf":{"@id":"https:\/\/gremibcn.com\/revista\/revista-101-articulo\/la-comision-europea-ve-indicios-de-infraccion-de-las-normas-de-competencia-del-articulo-101-del-tratado-de-funcionamiento-de-la-ue\/"},"author":{"name":"@fa_revista","@id":"https:\/\/gremibcn.com\/revista\/#\/schema\/person\/ff6570c48f0c1a94f48e0675e6b2fa34"},"headline":"La Comisi\u00f3n Europea ve indicios de infracci\u00f3n de las normas de competencia del art\u00edculo 101 del Tratado de Funcionamiento de la UE","datePublished":"2023-03-27T10:40:00+00:00","dateModified":"2024-02-29T09:32:35+00:00","mainEntityOfPage":{"@id":"https:\/\/gremibcn.com\/revista\/revista-101-articulo\/la-comision-europea-ve-indicios-de-infraccion-de-las-normas-de-competencia-del-articulo-101-del-tratado-de-funcionamiento-de-la-ue\/"},"wordCount":849,"commentCount":0,"publisher":{"@id":"https:\/\/gremibcn.com\/revista\/#organization"},"image":{"@id":"https:\/\/gremibcn.com\/revista\/revista-101-articulo\/la-comision-europea-ve-indicios-de-infraccion-de-las-normas-de-competencia-del-articulo-101-del-tratado-de-funcionamiento-de-la-ue\/#primaryimage"},"thumbnailUrl":"https:\/\/gremibcn.com\/revista\/wp-content\/uploads\/InformeCEdenuncia-101-16x9-1.jpg","articleSection":["Revista 101 - Art\u00edculo"],"inLanguage":"es","potentialAction":[{"@type":"CommentAction","name":"Comment","target":["https:\/\/gremibcn.com\/revista\/revista-101-articulo\/la-comision-europea-ve-indicios-de-infraccion-de-las-normas-de-competencia-del-articulo-101-del-tratado-de-funcionamiento-de-la-ue\/#respond"]}]},{"@type":"WebPage","@id":"https:\/\/gremibcn.com\/revista\/revista-101-articulo\/la-comision-europea-ve-indicios-de-infraccion-de-las-normas-de-competencia-del-articulo-101-del-tratado-de-funcionamiento-de-la-ue\/","url":"https:\/\/gremibcn.com\/revista\/revista-101-articulo\/la-comision-europea-ve-indicios-de-infraccion-de-las-normas-de-competencia-del-articulo-101-del-tratado-de-funcionamiento-de-la-ue\/","name":"La CE ve infracci\u00f3n en el art\u00edculo 101 del Trat. de Funcionamiento","isPartOf":{"@id":"https:\/\/gremibcn.com\/revista\/#website"},"primaryImageOfPage":{"@id":"https:\/\/gremibcn.com\/revista\/revista-101-articulo\/la-comision-europea-ve-indicios-de-infraccion-de-las-normas-de-competencia-del-articulo-101-del-tratado-de-funcionamiento-de-la-ue\/#primaryimage"},"image":{"@id":"https:\/\/gremibcn.com\/revista\/revista-101-articulo\/la-comision-europea-ve-indicios-de-infraccion-de-las-normas-de-competencia-del-articulo-101-del-tratado-de-funcionamiento-de-la-ue\/#primaryimage"},"thumbnailUrl":"https:\/\/gremibcn.com\/revista\/wp-content\/uploads\/InformeCEdenuncia-101-16x9-1.jpg","datePublished":"2023-03-27T10:40:00+00:00","dateModified":"2024-02-29T09:32:35+00:00","description":"La Comisi\u00f3n Europea ve indicios de infracci\u00f3n de las normas de competencia del art\u00edculo 101 del Tratado de Funcionamiento de la UE.","breadcrumb":{"@id":"https:\/\/gremibcn.com\/revista\/revista-101-articulo\/la-comision-europea-ve-indicios-de-infraccion-de-las-normas-de-competencia-del-articulo-101-del-tratado-de-funcionamiento-de-la-ue\/#breadcrumb"},"inLanguage":"es","potentialAction":[{"@type":"ReadAction","target":["https:\/\/gremibcn.com\/revista\/revista-101-articulo\/la-comision-europea-ve-indicios-de-infraccion-de-las-normas-de-competencia-del-articulo-101-del-tratado-de-funcionamiento-de-la-ue\/"]}]},{"@type":"ImageObject","inLanguage":"es","@id":"https:\/\/gremibcn.com\/revista\/revista-101-articulo\/la-comision-europea-ve-indicios-de-infraccion-de-las-normas-de-competencia-del-articulo-101-del-tratado-de-funcionamiento-de-la-ue\/#primaryimage","url":"https:\/\/gremibcn.com\/revista\/wp-content\/uploads\/InformeCEdenuncia-101-16x9-1.jpg","contentUrl":"https:\/\/gremibcn.com\/revista\/wp-content\/uploads\/InformeCEdenuncia-101-16x9-1.jpg","width":2000,"height":1125,"caption":"European Union flags waving in the wind in front of European Commission. Brussels, Belgium - 02 Mar 2011"},{"@type":"BreadcrumbList","@id":"https:\/\/gremibcn.com\/revista\/revista-101-articulo\/la-comision-europea-ve-indicios-de-infraccion-de-las-normas-de-competencia-del-articulo-101-del-tratado-de-funcionamiento-de-la-ue\/#breadcrumb","itemListElement":[{"@type":"ListItem","position":1,"name":"Portada","item":"https:\/\/gremibcn.com\/revista\/"},{"@type":"ListItem","position":2,"name":"Revista 101 - Art\u00edculo","item":"https:\/\/gremibcn.com\/revista\/revista\/revista-101-articulo\/"},{"@type":"ListItem","position":3,"name":"La Comisi\u00f3n Europea ve indicios de infracci\u00f3n de las normas de competencia del art\u00edculo 101 del Tratado de Funcionamiento de la UE"}]},{"@type":"WebSite","@id":"https:\/\/gremibcn.com\/revista\/#website","url":"https:\/\/gremibcn.com\/revista\/","name":"Revista Digital Gremi Taller","description":"Revista Digital de la asociaci\u00f3n Gremi Taller","publisher":{"@id":"https:\/\/gremibcn.com\/revista\/#organization"},"alternateName":"Gremi Taller Revista Digital","potentialAction":[{"@type":"SearchAction","target":{"@type":"EntryPoint","urlTemplate":"https:\/\/gremibcn.com\/revista\/?s={search_term_string}"},"query-input":{"@type":"PropertyValueSpecification","valueRequired":true,"valueName":"search_term_string"}}],"inLanguage":"es"},{"@type":"Organization","@id":"https:\/\/gremibcn.com\/revista\/#organization","name":"Gremi Taller Revista Digital","alternateName":"Gremio de Talleres Barcelona","url":"https:\/\/gremibcn.com\/revista\/","logo":{"@type":"ImageObject","inLanguage":"es","@id":"https:\/\/gremibcn.com\/revista\/#\/schema\/logo\/image\/","url":"https:\/\/gremibcn.com\/revista\/wp-content\/uploads\/cabecera-tablet.png","contentUrl":"https:\/\/gremibcn.com\/revista\/wp-content\/uploads\/cabecera-tablet.png","width":1000,"height":200,"caption":"Gremi Taller Revista Digital"},"image":{"@id":"https:\/\/gremibcn.com\/revista\/#\/schema\/logo\/image\/"},"sameAs":["https:\/\/es-es.facebook.com\/gremitallersbcn","https:\/\/x.com\/gremibcn","https:\/\/goo.gl\/iHSMv4","https:\/\/www.instagram.com\/gremitallersbarcelona\/","http:\/\/www.gremibcn.com\/Agremiats\/PDF\/GW_Whatsapp_2018.pdf"]},{"@type":"Person","@id":"https:\/\/gremibcn.com\/revista\/#\/schema\/person\/ff6570c48f0c1a94f48e0675e6b2fa34","name":"@fa_revista","image":{"@type":"ImageObject","inLanguage":"es","@id":"https:\/\/secure.gravatar.com\/avatar\/0941e657daaba2b91c48f89fc62a315e37b06a0169ec2340a209f1af717d1eb2?s=96&d=mm&r=g","url":"https:\/\/secure.gravatar.com\/avatar\/0941e657daaba2b91c48f89fc62a315e37b06a0169ec2340a209f1af717d1eb2?s=96&d=mm&r=g","contentUrl":"https:\/\/secure.gravatar.com\/avatar\/0941e657daaba2b91c48f89fc62a315e37b06a0169ec2340a209f1af717d1eb2?s=96&d=mm&r=g","caption":"@fa_revista"}}]}},"_links":{"self":[{"href":"https:\/\/gremibcn.com\/revista\/wp-json\/wp\/v2\/posts\/2696","targetHints":{"allow":["GET"]}}],"collection":[{"href":"https:\/\/gremibcn.com\/revista\/wp-json\/wp\/v2\/posts"}],"about":[{"href":"https:\/\/gremibcn.com\/revista\/wp-json\/wp\/v2\/types\/post"}],"author":[{"embeddable":true,"href":"https:\/\/gremibcn.com\/revista\/wp-json\/wp\/v2\/users\/4753"}],"replies":[{"embeddable":true,"href":"https:\/\/gremibcn.com\/revista\/wp-json\/wp\/v2\/comments?post=2696"}],"version-history":[{"count":5,"href":"https:\/\/gremibcn.com\/revista\/wp-json\/wp\/v2\/posts\/2696\/revisions"}],"predecessor-version":[{"id":4127,"href":"https:\/\/gremibcn.com\/revista\/wp-json\/wp\/v2\/posts\/2696\/revisions\/4127"}],"wp:featuredmedia":[{"embeddable":true,"href":"https:\/\/gremibcn.com\/revista\/wp-json\/wp\/v2\/media\/2697"}],"wp:attachment":[{"href":"https:\/\/gremibcn.com\/revista\/wp-json\/wp\/v2\/media?parent=2696"}],"wp:term":[{"taxonomy":"category","embeddable":true,"href":"https:\/\/gremibcn.com\/revista\/wp-json\/wp\/v2\/categories?post=2696"},{"taxonomy":"post_tag","embeddable":true,"href":"https:\/\/gremibcn.com\/revista\/wp-json\/wp\/v2\/tags?post=2696"}],"curies":[{"name":"wp","href":"https:\/\/api.w.org\/{rel}","templated":true}]}}